{"id":477,"date":"2016-07-11T12:12:11","date_gmt":"2016-07-11T10:12:11","guid":{"rendered":"http:\/\/easyvallarta.altervista.org\/?p=477"},"modified":"2016-07-11T12:12:11","modified_gmt":"2016-07-11T10:12:11","slug":"spain","status":"publish","type":"post","link":"http:\/\/www.igeranibb.it\/en\/2016\/07\/11\/spain\/","title":{"rendered":"Spain"},"content":{"rendered":"<p><strong><br \/>\n<a href=\"http:\/\/easyvallarta.altervista.org\/espanol\/bb_i_gerani_0\/\" rel=\"attachment wp-att-478\"><img loading=\"lazy\" class=\"alignnone size-full wp-image-478\" src=\"http:\/\/www.igeranibb.it\/wp-content\/uploads\/2016\/07\/bb_i_gerani_0.jpg\" alt=\"bb_i_gerani_0\" width=\"1642\" height=\"923\" srcset=\"http:\/\/www.igeranibb.it\/wp-content\/uploads\/2016\/07\/bb_i_gerani_0.jpg 1642w, http:\/\/www.igeranibb.it\/wp-content\/uploads\/2016\/07\/bb_i_gerani_0-300x169.jpg 300w, http:\/\/www.igeranibb.it\/wp-content\/uploads\/2016\/07\/bb_i_gerani_0-768x432.jpg 768w, http:\/\/www.igeranibb.it\/wp-content\/uploads\/2016\/07\/bb_i_gerani_0-1024x576.jpg 1024w, http:\/\/www.igeranibb.it\/wp-content\/uploads\/2016\/07\/bb_i_gerani_0-1200x675.jpg 1200w\" sizes=\"(max-width: 1642px) 100vw, 1642px\" \/><\/a><\/strong><\/p>\n<p>Nos sentimos como en casa, incluso en sus vacaciones, en una familia verdadera bb<\/p>\n<p>Soy DANIELA y yo invito a visitar Cerde\u00f1a permanecer en mi casa Posada Nu. Bienvenido al B &amp; B I Gerani, en una posici\u00f3n estrat\u00e9gica para descubrir el territorio, la cultura y la flora entre el mar y la monta\u00f1a, entre la gastronom\u00eda y la naturaleza, la diversi\u00f3n y la relajaci\u00f3n de vacaciones o por trabajo .. corro el bb con mi marido Peter, somos personas sencillas y nos gusta compartir la cultura sarda sugiriendo rutas, lugares y actividades para hacer en la zona, nos encanta de alojamiento para conocer a otras personas y dar la oportunidad a todos a visitar, a precios razonables, nuestra tierra llena de un pintoresco paisaje entre el mar, dunas, playas, pinar, r\u00edo, presa, puerto, lago, el casco antiguo, valle, monta\u00f1as &#8230; en Tepilora PARQUE<\/p>\n<p><span class=\"titolo2\">-&gt; ESPECIAL PRIMAVERA 48 \u20ac por pareja por noche con desayuno para estancias de 3 noches de su elecci\u00f3n, a partir del 1 de abril al 30 de junio (excepto los d\u00edas festivos) a 144 \u20ac por pareja, incluyendo el desayuno. Aire acondicionado bajo petici\u00f3n (54 \u20ac por noche por pareja para una noche mientras pasa<\/span>)<\/p>\n<p>Nuestra propuesta para el 2016 ..de \u20ac46 por pareja para estancias de 3 noches<br \/>\n<span class=\"titolo2\">OFERTA EN PRIMAVERA abril &#8211; mayo &#8211; junio, un \u20ac 48 &#8211; \u20ac de 54 1 noche mientras est\u00e1s pasando<\/span><br \/>\nDe julio en 56\u20ac &#8211; 1 noche 64\u20ac<br \/>\nAgosto 64\u20ac &#8211; 1 noche 70\u20ac<br \/>\nSeptiembre 50\u20ac &#8211; 1 noche 54\u20ac<br \/>\nde octubre a marzo, a 46\u20ac por pareja &#8211; Calefacci\u00f3n incluida &#8211; 1 noche de paso 5\u00a0\u20ac<br \/>\nVacaciones 56\u20ac por pareja &#8211; 1 noche a 60\u20ac<br \/>\nMax 3 lugares x Habitaci\u00f3n &#8211; 2 adultos + 1 ni\u00f1o con cama adicional (3er adulto + 6\u20ac)<br \/>\nAire acondicionado bajo petici\u00f3n, la adici\u00f3n de 4\u20ac por d\u00eda. Calefacci\u00f3n incluida. Las ofertas para las vacaciones<\/p>\n<p><span class=\"titolo2\">Una habitaci\u00f3n doble \/ doble (para 2 personas) con la hospitalidad de la familia, casa unifamiliar con jard\u00edn, a menos de 2 km del mar de Posada NU. Ofrecemos alojamiento en habitaci\u00f3n grande con ba\u00f1o privado, wifi gratuito, aire acondicionado bajo petici\u00f3n, calefacci\u00f3n, desayuno, caja fuerte, nevera, secador de pelo, la m\u00e1xima autonom\u00eda, porche amueblado para la lectura y la limpieza relajante, todos los d\u00edas, bicicletas gratuitas, suministro de agua (en paraguas de verano, m\u00e1s fr\u00edas, rutas y mapas) ofrece estancias de m\u00e1s de 3 d\u00edas<\/span><\/p>\n<p>En la zona de desayunos tambi\u00e9n puede encontrar libros y revistas que se pueden intercambiar con otros hu\u00e9spedes o con nosotros<\/p>\n","protected":false},"excerpt":{"rendered":"<p>Nos sentimos como en casa, incluso en sus vacaciones, en una familia verdadera bb Soy DANIELA y yo invito a visitar Cerde\u00f1a permanecer en mi casa Posada Nu. Bienvenido al B &amp; B I Gerani, en una posici\u00f3n estrat\u00e9gica para<\/p>\n","protected":false},"author":1,"featured_media":0,"comment_status":"open","ping_status":"closed","sticky":false,"template":"","format":"standard","meta":[],"categories":[1],"tags":[],"yoast_head":"<!-- This site is optimized with the Yoast SEO plugin v19.0 - https:\/\/yoast.com\/wordpress\/plugins\/seo\/ -->\r\n<title>Spain - I Gerani Bed and Breakfast<\/title>\r\n<meta name=\"robots\" content=\"index, follow, max-snippet:-1, max-image-preview:large, max-video-preview:-1\" \/>\r\n<link rel=\"canonical\" href=\"http:\/\/www.igeranibb.it\/en\/2016\/07\/11\/spain\/\" \/>\r\n<meta property=\"og:locale\" content=\"en_US\" \/>\r\n<meta property=\"og:type\" content=\"article\" \/>\r\n<meta property=\"og:title\" content=\"Spain - I Gerani Bed and Breakfast\" \/>\r\n<meta property=\"og:description\" content=\"Nos sentimos como en casa, incluso en sus vacaciones, en una familia verdadera bb Soy DANIELA y yo invito a visitar Cerde\u00f1a permanecer en mi casa Posada Nu. Bienvenido al B &amp; B I Gerani, en una posici\u00f3n estrat\u00e9gica para\" \/>\r\n<meta property=\"og:url\" content=\"http:\/\/www.igeranibb.it\/en\/2016\/07\/11\/spain\/\" \/>\r\n<meta property=\"og:site_name\" content=\"I Gerani Bed and Breakfast\" \/>\r\n<meta property=\"article:publisher\" content=\"https:\/\/www.facebook.com\/BB-I-GERANI-di-Posada-Sardegna-142974362460558\/?fref=ts\" \/>\r\n<meta property=\"article:published_time\" content=\"2016-07-11T10:12:11+00:00\" \/>\r\n<meta property=\"og:image\" content=\"http:\/\/www.igeranibb.it\/wp-content\/uploads\/2016\/07\/bb_i_gerani_0.jpg\" \/>\r\n<meta name=\"twitter:card\" content=\"summary\" \/>\r\n<meta name=\"twitter:label1\" content=\"Written by\" \/>\n\t<meta name=\"twitter:data1\" content=\"annalisa\" \/>\n\t<meta name=\"twitter:label2\" content=\"Est. reading time\" \/>\n\t<meta name=\"twitter:data2\" content=\"2 minutes\" \/>\r\n<script type=\"application\/ld+json\" class=\"yoast-schema-graph\">{\"@context\":\"https:\/\/schema.org\",\"@graph\":[{\"@type\":\"WebSite\",\"@id\":\"http:\/\/www.igeranibb.it\/en\/#website\",\"url\":\"http:\/\/www.igeranibb.it\/en\/\",\"name\":\"I Gerani Bed and Breakfast\",\"description\":\"\",\"potentialAction\":[{\"@type\":\"SearchAction\",\"target\":{\"@type\":\"EntryPoint\",\"urlTemplate\":\"http:\/\/www.igeranibb.it\/en\/?s={search_term_string}\"},\"query-input\":\"required name=search_term_string\"}],\"inLanguage\":\"en-US\"},{\"@type\":\"ImageObject\",\"inLanguage\":\"en-US\",\"@id\":\"http:\/\/www.igeranibb.it\/en\/2016\/07\/11\/spain\/#primaryimage\",\"url\":\"http:\/\/www.igeranibb.it\/wp-content\/uploads\/2016\/07\/bb_i_gerani_0.jpg\",\"contentUrl\":\"http:\/\/www.igeranibb.it\/wp-content\/uploads\/2016\/07\/bb_i_gerani_0.jpg\",\"width\":1642,\"height\":923},{\"@type\":\"WebPage\",\"@id\":\"http:\/\/www.igeranibb.it\/en\/2016\/07\/11\/spain\/#webpage\",\"url\":\"http:\/\/www.igeranibb.it\/en\/2016\/07\/11\/spain\/\",\"name\":\"Spain - I Gerani Bed and Breakfast\",\"isPartOf\":{\"@id\":\"http:\/\/www.igeranibb.it\/en\/#website\"},\"primaryImageOfPage\":{\"@id\":\"http:\/\/www.igeranibb.it\/en\/2016\/07\/11\/spain\/#primaryimage\"},\"datePublished\":\"2016-07-11T10:12:11+00:00\",\"dateModified\":\"2016-07-11T10:12:11+00:00\",\"author\":{\"@id\":\"http:\/\/www.igeranibb.it\/en\/#\/schema\/person\/0a80790c0fd818ef98eee5339901a0e7\"},\"breadcrumb\":{\"@id\":\"http:\/\/www.igeranibb.it\/en\/2016\/07\/11\/spain\/#breadcrumb\"},\"inLanguage\":\"en-US\",\"potentialAction\":[{\"@type\":\"ReadAction\",\"target\":[[\"http:\/\/www.igeranibb.it\/en\/2016\/07\/11\/spain\/\"]]}]},{\"@type\":\"BreadcrumbList\",\"@id\":\"http:\/\/www.igeranibb.it\/en\/2016\/07\/11\/spain\/#breadcrumb\",\"itemListElement\":[{\"@type\":\"ListItem\",\"position\":1,\"name\":\"Home\",\"item\":\"http:\/\/www.igeranibb.it\/en\/\"},{\"@type\":\"ListItem\",\"position\":2,\"name\":\"Spain\"}]},{\"@type\":\"Person\",\"@id\":\"http:\/\/www.igeranibb.it\/en\/#\/schema\/person\/0a80790c0fd818ef98eee5339901a0e7\",\"name\":\"annalisa\",\"url\":\"http:\/\/www.igeranibb.it\/en\/author\/annalisa\/\"}]}<\/script>\r\n<!-- \/ Yoast SEO plugin. -->","yoast_head_json":{"title":"Spain - I Gerani Bed and Breakfast","robots":{"index":"index","follow":"follow","max-snippet":"max-snippet:-1","max-image-preview":"max-image-preview:large","max-video-preview":"max-video-preview:-1"},"canonical":"http:\/\/www.igeranibb.it\/en\/2016\/07\/11\/spain\/","og_locale":"en_US","og_type":"article","og_title":"Spain - I Gerani Bed and Breakfast","og_description":"Nos sentimos como en casa, incluso en sus vacaciones, en una familia verdadera bb Soy DANIELA y yo invito a visitar Cerde\u00f1a permanecer en mi casa Posada Nu. Bienvenido al B &amp; B I Gerani, en una posici\u00f3n estrat\u00e9gica para","og_url":"http:\/\/www.igeranibb.it\/en\/2016\/07\/11\/spain\/","og_site_name":"I Gerani Bed and Breakfast","article_publisher":"https:\/\/www.facebook.com\/BB-I-GERANI-di-Posada-Sardegna-142974362460558\/?fref=ts","article_published_time":"2016-07-11T10:12:11+00:00","og_image":[{"url":"http:\/\/www.igeranibb.it\/wp-content\/uploads\/2016\/07\/bb_i_gerani_0.jpg"}],"twitter_card":"summary","twitter_misc":{"Written by":"annalisa","Est. reading time":"2 minutes"},"schema":{"@context":"https:\/\/schema.org","@graph":[{"@type":"WebSite","@id":"http:\/\/www.igeranibb.it\/en\/#website","url":"http:\/\/www.igeranibb.it\/en\/","name":"I Gerani Bed and Breakfast","description":"","potentialAction":[{"@type":"SearchAction","target":{"@type":"EntryPoint","urlTemplate":"http:\/\/www.igeranibb.it\/en\/?s={search_term_string}"},"query-input":"required name=search_term_string"}],"inLanguage":"en-US"},{"@type":"ImageObject","inLanguage":"en-US","@id":"http:\/\/www.igeranibb.it\/en\/2016\/07\/11\/spain\/#primaryimage","url":"http:\/\/www.igeranibb.it\/wp-content\/uploads\/2016\/07\/bb_i_gerani_0.jpg","contentUrl":"http:\/\/www.igeranibb.it\/wp-content\/uploads\/2016\/07\/bb_i_gerani_0.jpg","width":1642,"height":923},{"@type":"WebPage","@id":"http:\/\/www.igeranibb.it\/en\/2016\/07\/11\/spain\/#webpage","url":"http:\/\/www.igeranibb.it\/en\/2016\/07\/11\/spain\/","name":"Spain - I Gerani Bed and Breakfast","isPartOf":{"@id":"http:\/\/www.igeranibb.it\/en\/#website"},"primaryImageOfPage":{"@id":"http:\/\/www.igeranibb.it\/en\/2016\/07\/11\/spain\/#primaryimage"},"datePublished":"2016-07-11T10:12:11+00:00","dateModified":"2016-07-11T10:12:11+00:00","author":{"@id":"http:\/\/www.igeranibb.it\/en\/#\/schema\/person\/0a80790c0fd818ef98eee5339901a0e7"},"breadcrumb":{"@id":"http:\/\/www.igeranibb.it\/en\/2016\/07\/11\/spain\/#breadcrumb"},"inLanguage":"en-US","potentialAction":[{"@type":"ReadAction","target":[["http:\/\/www.igeranibb.it\/en\/2016\/07\/11\/spain\/"]]}]},{"@type":"BreadcrumbList","@id":"http:\/\/www.igeranibb.it\/en\/2016\/07\/11\/spain\/#breadcrumb","itemListElement":[{"@type":"ListItem","position":1,"name":"Home","item":"http:\/\/www.igeranibb.it\/en\/"},{"@type":"ListItem","position":2,"name":"Spain"}]},{"@type":"Person","@id":"http:\/\/www.igeranibb.it\/en\/#\/schema\/person\/0a80790c0fd818ef98eee5339901a0e7","name":"annalisa","url":"http:\/\/www.igeranibb.it\/en\/author\/annalisa\/"}]}},"_links":{"self":[{"href":"http:\/\/www.igeranibb.it\/en\/wp-json\/wp\/v2\/posts\/477"}],"collection":[{"href":"http:\/\/www.igeranibb.it\/en\/wp-json\/wp\/v2\/posts"}],"about":[{"href":"http:\/\/www.igeranibb.it\/en\/wp-json\/wp\/v2\/types\/post"}],"author":[{"embeddable":true,"href":"http:\/\/www.igeranibb.it\/en\/wp-json\/wp\/v2\/users\/1"}],"replies":[{"embeddable":true,"href":"http:\/\/www.igeranibb.it\/en\/wp-json\/wp\/v2\/comments?post=477"}],"version-history":[{"count":0,"href":"http:\/\/www.igeranibb.it\/en\/wp-json\/wp\/v2\/posts\/477\/revisions"}],"wp:attachment":[{"href":"http:\/\/www.igeranibb.it\/en\/wp-json\/wp\/v2\/media?parent=477"}],"wp:term":[{"taxonomy":"category","embeddable":true,"href":"http:\/\/www.igeranibb.it\/en\/wp-json\/wp\/v2\/categories?post=477"},{"taxonomy":"post_tag","embeddable":true,"href":"http:\/\/www.igeranibb.it\/en\/wp-json\/wp\/v2\/tags?post=477"}],"curies":[{"name":"wp","href":"https:\/\/api.w.org\/{rel}","templated":true}]}}